{"id":1401,"date":"2026-03-03T08:00:40","date_gmt":"2026-03-03T07:00:40","guid":{"rendered":"https:\/\/www.meyer-kuehlanlagen.de\/?p=1401"},"modified":"2026-03-03T11:54:45","modified_gmt":"2026-03-03T10:54:45","slug":"auszubildende-r-zur-zum-mechatroniker-in-fuer-kaelte-und-klimatechnik","status":"publish","type":"post","link":"https:\/\/www.meyer-kuehlanlagen.de\/index.php\/2026\/03\/03\/auszubildende-r-zur-zum-mechatroniker-in-fuer-kaelte-und-klimatechnik\/","title":{"rendered":"Mechatroniker\/in f\u00fcr K\u00e4lte- und Klimatechnik (w\/m\/d)"},"content":{"rendered":"<div class=\"fusion-fullwidth fullwidth-box fusion-builder-row-1 fusion-flex-container nonhundred-percent-fullwidth non-hundred-percent-height-scrolling\" style=\"--awb-border-radius-top-left:0px;--awb-border-radius-top-right:0px;--awb-border-radius-bottom-right:0px;--awb-border-radius-bottom-left:0px;--awb-flex-wrap:wrap;\" ><div class=\"fusion-builder-row fusion-row fusion-flex-align-items-flex-start fusion-flex-content-wrap\" style=\"max-width:1216.8px;margin-left: calc(-4% \/ 2 );margin-right: calc(-4% \/ 2 );\"><div class=\"fusion-layout-column fusion_builder_column fusion-builder-column-0 fusion_builder_column_1_1 1_1 fusion-flex-column\" style=\"--awb-bg-size:cover;--awb-width-large:100%;--awb-margin-top-large:0px;--awb-spacing-right-large:1.92%;--awb-margin-bottom-large:20px;--awb-spacing-left-large:1.92%;--awb-width-medium:100%;--awb-order-medium:0;--awb-spacing-right-medium:1.92%;--awb-spacing-left-medium:1.92%;--awb-width-small:100%;--awb-order-small:0;--awb-spacing-right-small:1.92%;--awb-spacing-left-small:1.92%;\"><div class=\"fusion-column-wrapper fusion-column-has-shadow fusion-flex-justify-content-flex-start fusion-content-layout-column\"><div class=\"fusion-text fusion-text-1\"><p>Zur Erweiterung unseres Teams ben\u00f6tigen wir ab sofort eine\/n Mechatroniker\/in f\u00fcr K\u00e4lte- und Klimatechnik (m\/w\/d).<\/p>\n<\/div><div class=\"fusion-title title fusion-title-1 fusion-sep-none fusion-title-text fusion-title-size-one\"><h1 class=\"fusion-title-heading title-heading-left fusion-responsive-typography-calculated\" style=\"margin:0;--fontSize:32;line-height:1.4;\"><p role=\"button\">Deine Aufgaben<\/p><\/h1><\/div><div class=\"fusion-text fusion-text-2\"><ul>\n<li>F\u00fcr unsere Kunden \u00fcbernimmst Du die Neumontage- und Inbetriebnahme von K\u00e4lte- und Klimaanlagen f\u00fcr verschiedene Projekte<\/li>\n<li>Wartung, Dichtheitspr\u00fcfungen und Dokumentation der Anlagen<\/li>\n<li>In unserem Kundendienst f\u00fchrst Du die Fehleranalyse durch und behebst m\u00f6gliche St\u00f6rungen<\/li>\n<li>Du wirst auf Gro\u00df- und Kleinbaustellen von Supermarkt, Gewerbe, Industrie, \u00f6ffentliche und bei privaten Kunden zum Einsatz kommen<\/li>\n<\/ul>\n<\/div><div class=\"fusion-title title fusion-title-2 fusion-sep-none fusion-title-text fusion-title-size-one\"><h1 class=\"fusion-title-heading title-heading-left fusion-responsive-typography-calculated\" style=\"margin:0;--fontSize:32;line-height:1.4;\"><p class=\"i-amphtml-accordion-header\" role=\"button\">Wir bieten<\/p><\/h1><\/div><div class=\"fusion-text fusion-text-3\"><ul>\n<li>Anspruchsvolle u. abwechslungsreiche Arbeit in einem engagierten Team<\/li>\n<li>in freundliches Betriebsklima, gepr\u00e4gt von Vertrauen, Respekt und Fairness<\/li>\n<li>Attraktive Verg\u00fctung inkl. Weihnachtsgeld<\/li>\n<li>Eine unbefristete Arbeitsstelle in Vollzeit<\/li>\n<li>30 Tage Urlaub<\/li>\n<li>Startgeld in H\u00f6he von 500\u20ac<\/li>\n<li>Ein vollausgestattetes Servicefahrzeug<\/li>\n<li>Diensthandy auch f\u00fcr die private Nutzung<\/li>\n<li>Entwicklungsm\u00f6glichkeiten durch unser kontinuierliches Wachstum<\/li>\n<li>Perspektiven zur beruflichen Weiterentwicklung<\/li>\n<\/ul>\n<\/div><div class=\"fusion-title title fusion-title-3 fusion-sep-none fusion-title-text fusion-title-size-one\"><h1 class=\"fusion-title-heading title-heading-left fusion-responsive-typography-calculated\" style=\"margin:0;--fontSize:32;line-height:1.4;\"><p class=\"i-amphtml-accordion-header\" role=\"button\">Deine Qualifikation<\/p><\/h1><\/div><div class=\"fusion-text fusion-text-4\"><ul>\n<li>Erfolgreich abgeschlossene Ausbildung zum Mechatroniker f\u00fcr K\u00e4lte- und Klimatechnik (w\/m\/d)<\/li>\n<li>Sie verf\u00fcgen \u00fcber eine kundenorientierte Denk- und Arbeitsweise<\/li>\n<li>Sie sind Teamf\u00e4hig und zuverl\u00e4ssig<\/li>\n<li>Sie verf\u00fcgen \u00fcber eine zielorientierte und selbstst\u00e4ndige Arbeits- und Denkweise<\/li>\n<li>Sie besitzen einen F\u00fchrerschein der Klasse B und sind bereit, nach Absprache an unseren St\u00f6rdiensten teilzunehmen<\/li>\n<li>Berufserfahrung w\u00fcnschenswert<\/li>\n<\/ul>\n<\/div><div class=\"fusion-title title fusion-title-4 fusion-sep-none fusion-title-text fusion-title-size-one\"><h1 class=\"fusion-title-heading title-heading-left fusion-responsive-typography-calculated\" style=\"margin:0;--fontSize:32;line-height:1.4;\"><p class=\"margin3\">Dein Kontakt<\/p><\/h1><\/div><div class=\"fusion-text fusion-text-5\"><p>Meyer K\u00fchlanlagen GmbH<br \/>\nBuchbinderstra\u00dfe 3<br \/>\n27793 Wildeshausen<\/p>\n<p class=\"phone\">Telefon: +49 4431 2348<br \/>\nEmail: <a href=\"mailto:info@meyer-kuehlanlagen.de\">info@meyer-kuehlanlagen.de<\/a><\/p>\n<\/div><\/div><\/div><\/div><\/div>\n","protected":false},"excerpt":{"rendered":"","protected":false},"author":1,"featured_media":0,"comment_status":"closed","ping_status":"closed","sticky":false,"template":"","format":"standard","meta":{"footnotes":""},"categories":[19],"tags":[],"class_list":["post-1401","post","type-post","status-publish","format-standard","hentry","category-jobangebote"],"_links":{"self":[{"href":"https:\/\/www.meyer-kuehlanlagen.de\/index.php\/wp-json\/wp\/v2\/posts\/1401","targetHints":{"allow":["GET"]}}],"collection":[{"href":"https:\/\/www.meyer-kuehlanlagen.de\/index.php\/wp-json\/wp\/v2\/posts"}],"about":[{"href":"https:\/\/www.meyer-kuehlanlagen.de\/index.php\/wp-json\/wp\/v2\/types\/post"}],"author":[{"embeddable":true,"href":"https:\/\/www.meyer-kuehlanlagen.de\/index.php\/wp-json\/wp\/v2\/users\/1"}],"replies":[{"embeddable":true,"href":"https:\/\/www.meyer-kuehlanlagen.de\/index.php\/wp-json\/wp\/v2\/comments?post=1401"}],"version-history":[{"count":10,"href":"https:\/\/www.meyer-kuehlanlagen.de\/index.php\/wp-json\/wp\/v2\/posts\/1401\/revisions"}],"predecessor-version":[{"id":1559,"href":"https:\/\/www.meyer-kuehlanlagen.de\/index.php\/wp-json\/wp\/v2\/posts\/1401\/revisions\/1559"}],"wp:attachment":[{"href":"https:\/\/www.meyer-kuehlanlagen.de\/index.php\/wp-json\/wp\/v2\/media?parent=1401"}],"wp:term":[{"taxonomy":"category","embeddable":true,"href":"https:\/\/www.meyer-kuehlanlagen.de\/index.php\/wp-json\/wp\/v2\/categories?post=1401"},{"taxonomy":"post_tag","embeddable":true,"href":"https:\/\/www.meyer-kuehlanlagen.de\/index.php\/wp-json\/wp\/v2\/tags?post=1401"}],"curies":[{"name":"wp","href":"https:\/\/api.w.org\/{rel}","templated":true}]}}